{"id":391,"date":"2026-03-28T17:07:44","date_gmt":"2026-03-28T15:07:44","guid":{"rendered":"https:\/\/taiteilijakilta.fi\/?p=391"},"modified":"2026-03-29T08:19:46","modified_gmt":"2026-03-29T06:19:46","slug":"jasenten-esitykset-vuosikokoukseen","status":"publish","type":"post","link":"https:\/\/taiteilijakilta.fi\/sv\/jasenten-esitykset-vuosikokoukseen\/","title":{"rendered":"Medlemmarnas f\u00f6rslag till \u00e5rsm\u00f6tet"},"content":{"rendered":"\n<figure class=\"wp-block-embed is-type-video is-provider-youtube wp-block-embed-youtube wp-embed-aspect-16-9 wp-has-aspect-ratio\"><div class=\"wp-block-embed__wrapper\">\n<iframe loading=\"lazy\" title=\"J\u00e4senten esitykset vuosikokoukseen\" width=\"500\" height=\"281\" src=\"https:\/\/www.youtube.com\/embed\/Q-rBPTuY4XU?feature=oembed\" frameborder=\"0\" allow=\"accelerometer; autoplay; clipboard-write; encrypted-media; gyroscope; picture-in-picture; web-share\" referrerpolicy=\"strict-origin-when-cross-origin\" allowfullscreen><\/iframe>\n<\/div><\/figure>\n\n\n\n<p><\/p>\n\n\n\n<p>D\u00f6vas Konstn\u00e4rsgillets \u00e5rsm\u00f6te h\u00e5lls l\u00f6rdagen den 18 april kl. 16.00 i Viparos lokaler i Malm, Helsingfors (Kauppakaarre 1).<\/p>\n\n\n\n<p>Vi skickar m\u00f6teskallelsen och m\u00f6tesmaterialet under n\u00e4sta vecka. Om ni medlemmar har f\u00f6rslag till \u00e5rsm\u00f6tet hinner ni \u00e4nnu skicka in dem! F\u00f6rslagen ska skickas senast den 3 april till adressen <a href=\"mailto:info@taiteilijakilta.fi\">info(a)taiteilijakilta.fi<\/a>.<\/p>\n\n\n\n<p>Kom ih\u00e5g att det f\u00f6re \u00e5rsm\u00f6tet den 18 april kl. 12.00\u201315.00 ocks\u00e5 ordnas en serieworkshop. Den \u00e4r gratis f\u00f6r medlemmar och Gillet bjuder materialet. Om du redan \u00e4r en erfaren tecknare och har egna favoritredskap, till exempel n\u00e5gon speciell penna, l\u00f6nar det sig att ta med dem. Kursledare \u00e4r serieskaparen Suvi Sipronen, som kan teckenspr\u00e5k. Nu har du ett utm\u00e4rkt tillf\u00e4lle att komma och prova p\u00e5 och \u00f6va dina f\u00e4rdigheter i serieteckning!<\/p>\n\n\n\n<p>P\u00e5 grund av servering och materialanskaffning \u00f6nskar styrelsen att anm\u00e4lningar g\u00f6rs senast onsdagen den 15 april till <a href=\"mailto:info@taiteilijakilta.fi\">info(a)taiteilijakilta.fi<\/a>. V\u00e4lkommen!<\/p>\n\n\n\n<p><\/p>\n\n\n\n<p><\/p>\n","protected":false},"excerpt":{"rendered":"<p>D\u00f6vas Konstn\u00e4rsgillets \u00e5rsm\u00f6te h\u00e5lls l\u00f6rdagen den 18 april kl. 16.00 i Viparos lokaler i Malm, Helsingfors (Kauppakaarre 1). Vi skickar [&hellip;]<\/p>\n","protected":false},"author":1,"featured_media":0,"comment_status":"closed","ping_status":"closed","sticky":false,"template":"","format":"standard","meta":{"site-sidebar-layout":"default","site-content-layout":"","ast-site-content-layout":"default","site-content-style":"default","site-sidebar-style":"default","ast-global-header-display":"","ast-banner-title-visibility":"","ast-main-header-display":"","ast-hfb-above-header-display":"","ast-hfb-below-header-display":"","ast-hfb-mobile-header-display":"","site-post-title":"","ast-breadcrumbs-content":"","ast-featured-img":"","footer-sml-layout":"","ast-disable-related-posts":"","theme-transparent-header-meta":"","adv-header-id-meta":"","stick-header-meta":"","header-above-stick-meta":"","header-main-stick-meta":"","header-below-stick-meta":"","astra-migrate-meta-layouts":"default","ast-page-background-enabled":"default","ast-page-background-meta":{"desktop":{"background-color":"var(--ast-global-color-4)","background-image":"","background-repeat":"repeat","background-position":"center center","background-size":"auto","background-attachment":"scroll","background-type":"","background-media":"","overlay-type":"","overlay-color":"","overlay-opacity":"","overlay-gradient":""},"tablet":{"background-color":"","background-image":"","background-repeat":"repeat","background-position":"center center","background-size":"auto","background-attachment":"scroll","background-type":"","background-media":"","overlay-type":"","overlay-color":"","overlay-opacity":"","overlay-gradient":""},"mobile":{"background-color":"","background-image":"","background-repeat":"repeat","background-position":"center center","background-size":"auto","background-attachment":"scroll","background-type":"","background-media":"","overlay-type":"","overlay-color":"","overlay-opacity":"","overlay-gradient":""}},"ast-content-background-meta":{"desktop":{"background-color":"var(--ast-global-color-5)","background-image":"","background-repeat":"repeat","background-position":"center center","background-size":"auto","background-attachment":"scroll","background-type":"","background-media":"","overlay-type":"","overlay-color":"","overlay-opacity":"","overlay-gradient":""},"tablet":{"background-color":"var(--ast-global-color-5)","background-image":"","background-repeat":"repeat","background-position":"center center","background-size":"auto","background-attachment":"scroll","background-type":"","background-media":"","overlay-type":"","overlay-color":"","overlay-opacity":"","overlay-gradient":""},"mobile":{"background-color":"var(--ast-global-color-5)","background-image":"","background-repeat":"repeat","background-position":"center center","background-size":"auto","background-attachment":"scroll","background-type":"","background-media":"","overlay-type":"","overlay-color":"","overlay-opacity":"","overlay-gradient":""}},"footnotes":""},"categories":[15],"tags":[],"class_list":["post-391","post","type-post","status-publish","format-standard","hentry","category-nyheter-2"],"jetpack_featured_media_url":"","_links":{"self":[{"href":"https:\/\/taiteilijakilta.fi\/sv\/wp-json\/wp\/v2\/posts\/391","targetHints":{"allow":["GET"]}}],"collection":[{"href":"https:\/\/taiteilijakilta.fi\/sv\/wp-json\/wp\/v2\/posts"}],"about":[{"href":"https:\/\/taiteilijakilta.fi\/sv\/wp-json\/wp\/v2\/types\/post"}],"author":[{"embeddable":true,"href":"https:\/\/taiteilijakilta.fi\/sv\/wp-json\/wp\/v2\/users\/1"}],"replies":[{"embeddable":true,"href":"https:\/\/taiteilijakilta.fi\/sv\/wp-json\/wp\/v2\/comments?post=391"}],"version-history":[{"count":3,"href":"https:\/\/taiteilijakilta.fi\/sv\/wp-json\/wp\/v2\/posts\/391\/revisions"}],"predecessor-version":[{"id":395,"href":"https:\/\/taiteilijakilta.fi\/sv\/wp-json\/wp\/v2\/posts\/391\/revisions\/395"}],"wp:attachment":[{"href":"https:\/\/taiteilijakilta.fi\/sv\/wp-json\/wp\/v2\/media?parent=391"}],"wp:term":[{"taxonomy":"category","embeddable":true,"href":"https:\/\/taiteilijakilta.fi\/sv\/wp-json\/wp\/v2\/categories?post=391"},{"taxonomy":"post_tag","embeddable":true,"href":"https:\/\/taiteilijakilta.fi\/sv\/wp-json\/wp\/v2\/tags?post=391"}],"curies":[{"name":"wp","href":"https:\/\/api.w.org\/{rel}","templated":true}]}}