{"id":334,"date":"2026-01-18T19:47:57","date_gmt":"2026-01-18T17:47:57","guid":{"rendered":"https:\/\/taiteilijakilta.fi\/?p=334"},"modified":"2026-01-18T21:12:00","modified_gmt":"2026-01-18T19:12:00","slug":"styrelsens-forsta-rekreationsdag","status":"publish","type":"post","link":"https:\/\/taiteilijakilta.fi\/sv\/styrelsens-forsta-rekreationsdag\/","title":{"rendered":"Styrelsens f\u00f6rsta rekreationsdag"},"content":{"rendered":"\n<h4 class=\"wp-block-heading\">H\u00e4lsningar fr\u00e5n Artistgillets styrels allra f\u00f6rsta rekreationsdag!<\/h4>\n\n\n\n<figure class=\"wp-block-image size-large is-resized\"><img loading=\"lazy\" decoding=\"async\" width=\"1024\" height=\"739\" src=\"https:\/\/taiteilijakilta.fi\/wp-content\/uploads\/2026\/01\/20260117_184137-scaled-e1768758238821-1024x739.jpg\" alt=\"Hallituslaiset seisovat talvitakeissaan ravintola Sansarin edess\u00e4 kameralle hymyillen. Seisomaj\u00e4rjestys: Mara, Salla, Silja, Aki, Satu joka n\u00e4ytt\u00e4\u00e4 k\u00e4sill\u00e4\u00e4n syd\u00e4men muotoa ja Petra.\" class=\"wp-image-338\" style=\"aspect-ratio:1.3856812933025404;width:693px;height:auto\" srcset=\"https:\/\/taiteilijakilta.fi\/wp-content\/uploads\/2026\/01\/20260117_184137-scaled-e1768758238821-1024x739.jpg 1024w, https:\/\/taiteilijakilta.fi\/wp-content\/uploads\/2026\/01\/20260117_184137-scaled-e1768758238821-300x217.jpg 300w, https:\/\/taiteilijakilta.fi\/wp-content\/uploads\/2026\/01\/20260117_184137-scaled-e1768758238821-768x554.jpg 768w, https:\/\/taiteilijakilta.fi\/wp-content\/uploads\/2026\/01\/20260117_184137-scaled-e1768758238821-1536x1109.jpg 1536w, https:\/\/taiteilijakilta.fi\/wp-content\/uploads\/2026\/01\/20260117_184137-scaled-e1768758238821-2048x1479.jpg 2048w\" sizes=\"auto, (max-width: 1024px) 100vw, 1024px\" \/><\/figure>\n\n\n\n<p>Ig\u00e5r bes\u00f6kte vi Gustav Klimts utst\u00e4llning p\u00e5 Ateneum. Vi fick med oss m\u00e5nga bra id\u00e9er som \u00e4ven kan inspirera gillets verksamhet\u2026 Till sist nj\u00f6t vi av en god m\u00e5ltid tillsammans och samtalade om m\u00e5nga olika \u00e4mnen.<\/p>\n\n\n\n<p>Eftersom styrelsem\u00f6tena mestadels har h\u00e5llits digitalt var det verkligen trevligt f\u00f6r oss alla att \u00e4ntligen tr\u00e4ffa \u00f6vriga styrelsemedlemmar ansikte mot ansikte. Med ny energi \u00e4r detta ett perfekt s\u00e4tt att starta verksamheten f\u00f6r 2026! \u2b50<\/p>\n\n\n\n<p><\/p>\n","protected":false},"excerpt":{"rendered":"<p>H\u00e4lsningar fr\u00e5n Artistgillets styrels allra f\u00f6rsta rekreationsdag! Ig\u00e5r bes\u00f6kte vi Gustav Klimts utst\u00e4llning p\u00e5 Ateneum. Vi fick med oss m\u00e5nga [&hellip;]<\/p>\n","protected":false},"author":3,"featured_media":0,"comment_status":"closed","ping_status":"closed","sticky":false,"template":"","format":"standard","meta":{"site-sidebar-layout":"default","site-content-layout":"","ast-site-content-layout":"default","site-content-style":"default","site-sidebar-style":"default","ast-global-header-display":"","ast-banner-title-visibility":"","ast-main-header-display":"","ast-hfb-above-header-display":"","ast-hfb-below-header-display":"","ast-hfb-mobile-header-display":"","site-post-title":"","ast-breadcrumbs-content":"","ast-featured-img":"","footer-sml-layout":"","ast-disable-related-posts":"","theme-transparent-header-meta":"","adv-header-id-meta":"","stick-header-meta":"","header-above-stick-meta":"","header-main-stick-meta":"","header-below-stick-meta":"","astra-migrate-meta-layouts":"default","ast-page-background-enabled":"default","ast-page-background-meta":{"desktop":{"background-color":"var(--ast-global-color-4)","background-image":"","background-repeat":"repeat","background-position":"center center","background-size":"auto","background-attachment":"scroll","background-type":"","background-media":"","overlay-type":"","overlay-color":"","overlay-opacity":"","overlay-gradient":""},"tablet":{"background-color":"","background-image":"","background-repeat":"repeat","background-position":"center center","background-size":"auto","background-attachment":"scroll","background-type":"","background-media":"","overlay-type":"","overlay-color":"","overlay-opacity":"","overlay-gradient":""},"mobile":{"background-color":"","background-image":"","background-repeat":"repeat","background-position":"center center","background-size":"auto","background-attachment":"scroll","background-type":"","background-media":"","overlay-type":"","overlay-color":"","overlay-opacity":"","overlay-gradient":""}},"ast-content-background-meta":{"desktop":{"background-color":"var(--ast-global-color-5)","background-image":"","background-repeat":"repeat","background-position":"center center","background-size":"auto","background-attachment":"scroll","background-type":"","background-media":"","overlay-type":"","overlay-color":"","overlay-opacity":"","overlay-gradient":""},"tablet":{"background-color":"var(--ast-global-color-5)","background-image":"","background-repeat":"repeat","background-position":"center center","background-size":"auto","background-attachment":"scroll","background-type":"","background-media":"","overlay-type":"","overlay-color":"","overlay-opacity":"","overlay-gradient":""},"mobile":{"background-color":"var(--ast-global-color-5)","background-image":"","background-repeat":"repeat","background-position":"center center","background-size":"auto","background-attachment":"scroll","background-type":"","background-media":"","overlay-type":"","overlay-color":"","overlay-opacity":"","overlay-gradient":""}},"footnotes":""},"categories":[14],"tags":[10],"class_list":["post-334","post","type-post","status-publish","format-standard","hentry","category-news","tag-virkistyspaiva"],"jetpack_featured_media_url":"","_links":{"self":[{"href":"https:\/\/taiteilijakilta.fi\/sv\/wp-json\/wp\/v2\/posts\/334","targetHints":{"allow":["GET"]}}],"collection":[{"href":"https:\/\/taiteilijakilta.fi\/sv\/wp-json\/wp\/v2\/posts"}],"about":[{"href":"https:\/\/taiteilijakilta.fi\/sv\/wp-json\/wp\/v2\/types\/post"}],"author":[{"embeddable":true,"href":"https:\/\/taiteilijakilta.fi\/sv\/wp-json\/wp\/v2\/users\/3"}],"replies":[{"embeddable":true,"href":"https:\/\/taiteilijakilta.fi\/sv\/wp-json\/wp\/v2\/comments?post=334"}],"version-history":[{"count":9,"href":"https:\/\/taiteilijakilta.fi\/sv\/wp-json\/wp\/v2\/posts\/334\/revisions"}],"predecessor-version":[{"id":355,"href":"https:\/\/taiteilijakilta.fi\/sv\/wp-json\/wp\/v2\/posts\/334\/revisions\/355"}],"wp:attachment":[{"href":"https:\/\/taiteilijakilta.fi\/sv\/wp-json\/wp\/v2\/media?parent=334"}],"wp:term":[{"taxonomy":"category","embeddable":true,"href":"https:\/\/taiteilijakilta.fi\/sv\/wp-json\/wp\/v2\/categories?post=334"},{"taxonomy":"post_tag","embeddable":true,"href":"https:\/\/taiteilijakilta.fi\/sv\/wp-json\/wp\/v2\/tags?post=334"}],"curies":[{"name":"wp","href":"https:\/\/api.w.org\/{rel}","templated":true}]}}