{"id":334,"date":"2026-01-18T19:47:57","date_gmt":"2026-01-18T17:47:57","guid":{"rendered":"https:\/\/taiteilijakilta.fi\/?p=334"},"modified":"2026-01-18T21:12:00","modified_gmt":"2026-01-18T19:12:00","slug":"styrelsens-forsta-rekreationsdag","status":"publish","type":"post","link":"https:\/\/taiteilijakilta.fi\/en\/styrelsens-forsta-rekreationsdag\/","title":{"rendered":"Board\u2019s 1st Recreational Day"},"content":{"rendered":"\n<h4 class=\"wp-block-heading\"><strong>Greetings from the very first recreational day of the Artist Guild\u2019s board!<\/strong><\/h4>\n\n\n\n<figure class=\"wp-block-image size-large is-resized\"><img loading=\"lazy\" decoding=\"async\" width=\"1024\" height=\"739\" src=\"https:\/\/taiteilijakilta.fi\/wp-content\/uploads\/2026\/01\/20260117_184137-scaled-e1768758238821-1024x739.jpg\" alt=\"Hallituslaiset seisovat talvitakeissaan ravintola Sansarin edess\u00e4 kameralle hymyillen. Seisomaj\u00e4rjestys: Mara, Salla, Silja, Aki, Satu joka n\u00e4ytt\u00e4\u00e4 k\u00e4sill\u00e4\u00e4n syd\u00e4men muotoa ja Petra.\" class=\"wp-image-338\" style=\"aspect-ratio:1.3856812933025404;width:693px;height:auto\" srcset=\"https:\/\/taiteilijakilta.fi\/wp-content\/uploads\/2026\/01\/20260117_184137-scaled-e1768758238821-1024x739.jpg 1024w, https:\/\/taiteilijakilta.fi\/wp-content\/uploads\/2026\/01\/20260117_184137-scaled-e1768758238821-300x217.jpg 300w, https:\/\/taiteilijakilta.fi\/wp-content\/uploads\/2026\/01\/20260117_184137-scaled-e1768758238821-768x554.jpg 768w, https:\/\/taiteilijakilta.fi\/wp-content\/uploads\/2026\/01\/20260117_184137-scaled-e1768758238821-1536x1109.jpg 1536w, https:\/\/taiteilijakilta.fi\/wp-content\/uploads\/2026\/01\/20260117_184137-scaled-e1768758238821-2048x1479.jpg 2048w\" sizes=\"auto, (max-width: 1024px) 100vw, 1024px\" \/><\/figure>\n\n\n\n<p>Yesterday we visited the Gustav Klimt exhibition at the Ateneum. We came away with plenty of good ideas for the guild\u2019s activities as well\u2026 In the end, we enjoyed a nice meal together, chatting about a variety of topics.<\/p>\n\n\n\n<p>Since most of the guild board meetings have been held online, it was really nice for all of us to finally meet other board members face-to-face. Feeling refreshed, this is a great way to kick off the activities for 2026! \u2b50<\/p>\n\n\n\n<p><\/p>\n","protected":false},"excerpt":{"rendered":"<p>Greetings from the very first recreational day of the Artist Guild\u2019s board! Yesterday we visited the Gustav Klimt exhibition at [&hellip;]<\/p>\n","protected":false},"author":3,"featured_media":0,"comment_status":"closed","ping_status":"closed","sticky":false,"template":"","format":"standard","meta":{"site-sidebar-layout":"default","site-content-layout":"","ast-site-content-layout":"default","site-content-style":"default","site-sidebar-style":"default","ast-global-header-display":"","ast-banner-title-visibility":"","ast-main-header-display":"","ast-hfb-above-header-display":"","ast-hfb-below-header-display":"","ast-hfb-mobile-header-display":"","site-post-title":"","ast-breadcrumbs-content":"","ast-featured-img":"","footer-sml-layout":"","ast-disable-related-posts":"","theme-transparent-header-meta":"","adv-header-id-meta":"","stick-header-meta":"","header-above-stick-meta":"","header-main-stick-meta":"","header-below-stick-meta":"","astra-migrate-meta-layouts":"default","ast-page-background-enabled":"default","ast-page-background-meta":{"desktop":{"background-color":"var(--ast-global-color-4)","background-image":"","background-repeat":"repeat","background-position":"center center","background-size":"auto","background-attachment":"scroll","background-type":"","background-media":"","overlay-type":"","overlay-color":"","overlay-opacity":"","overlay-gradient":""},"tablet":{"background-color":"","background-image":"","background-repeat":"repeat","background-position":"center center","background-size":"auto","background-attachment":"scroll","background-type":"","background-media":"","overlay-type":"","overlay-color":"","overlay-opacity":"","overlay-gradient":""},"mobile":{"background-color":"","background-image":"","background-repeat":"repeat","background-position":"center center","background-size":"auto","background-attachment":"scroll","background-type":"","background-media":"","overlay-type":"","overlay-color":"","overlay-opacity":"","overlay-gradient":""}},"ast-content-background-meta":{"desktop":{"background-color":"var(--ast-global-color-5)","background-image":"","background-repeat":"repeat","background-position":"center center","background-size":"auto","background-attachment":"scroll","background-type":"","background-media":"","overlay-type":"","overlay-color":"","overlay-opacity":"","overlay-gradient":""},"tablet":{"background-color":"var(--ast-global-color-5)","background-image":"","background-repeat":"repeat","background-position":"center center","background-size":"auto","background-attachment":"scroll","background-type":"","background-media":"","overlay-type":"","overlay-color":"","overlay-opacity":"","overlay-gradient":""},"mobile":{"background-color":"var(--ast-global-color-5)","background-image":"","background-repeat":"repeat","background-position":"center center","background-size":"auto","background-attachment":"scroll","background-type":"","background-media":"","overlay-type":"","overlay-color":"","overlay-opacity":"","overlay-gradient":""}},"footnotes":""},"categories":[14],"tags":[10],"class_list":["post-334","post","type-post","status-publish","format-standard","hentry","category-news","tag-virkistyspaiva"],"jetpack_featured_media_url":"","_links":{"self":[{"href":"https:\/\/taiteilijakilta.fi\/en\/wp-json\/wp\/v2\/posts\/334","targetHints":{"allow":["GET"]}}],"collection":[{"href":"https:\/\/taiteilijakilta.fi\/en\/wp-json\/wp\/v2\/posts"}],"about":[{"href":"https:\/\/taiteilijakilta.fi\/en\/wp-json\/wp\/v2\/types\/post"}],"author":[{"embeddable":true,"href":"https:\/\/taiteilijakilta.fi\/en\/wp-json\/wp\/v2\/users\/3"}],"replies":[{"embeddable":true,"href":"https:\/\/taiteilijakilta.fi\/en\/wp-json\/wp\/v2\/comments?post=334"}],"version-history":[{"count":9,"href":"https:\/\/taiteilijakilta.fi\/en\/wp-json\/wp\/v2\/posts\/334\/revisions"}],"predecessor-version":[{"id":355,"href":"https:\/\/taiteilijakilta.fi\/en\/wp-json\/wp\/v2\/posts\/334\/revisions\/355"}],"wp:attachment":[{"href":"https:\/\/taiteilijakilta.fi\/en\/wp-json\/wp\/v2\/media?parent=334"}],"wp:term":[{"taxonomy":"category","embeddable":true,"href":"https:\/\/taiteilijakilta.fi\/en\/wp-json\/wp\/v2\/categories?post=334"},{"taxonomy":"post_tag","embeddable":true,"href":"https:\/\/taiteilijakilta.fi\/en\/wp-json\/wp\/v2\/tags?post=334"}],"curies":[{"name":"wp","href":"https:\/\/api.w.org\/{rel}","templated":true}]}}